{"id":2544,"date":"2019-11-07T15:46:44","date_gmt":"2019-11-07T14:46:44","guid":{"rendered":"https:\/\/effitronix.com\/effitronix-torna-a-participar-al-iot-solutions-world-congress-com-a-referent-en-industria-4-0\/"},"modified":"2020-03-16T10:38:12","modified_gmt":"2020-03-16T09:38:12","slug":"effitronix-vuelve-a-participar-en-el-iot-solutions-world-congress-como-referente-en-industria-4-0","status":"publish","type":"post","link":"https:\/\/www.effitronix.com\/es\/effitronix-vuelve-a-participar-en-el-iot-solutions-world-congress-como-referente-en-industria-4-0\/","title":{"rendered":"Effitronix vuelve a participar en el IoT solutions world congress como referente en la industria 4.0"},"content":{"rendered":"<p><img loading=\"lazy\" decoding=\"async\" class=\"alignnone size-full wp-image-2540\" src=\"https:\/\/effitronix.com\/wp-content\/uploads\/2019\/11\/5.jpg\" alt=\"\" width=\"960\" height=\"546\" srcset=\"https:\/\/www.effitronix.com\/wp-content\/uploads\/2019\/11\/5.jpg 960w, https:\/\/www.effitronix.com\/wp-content\/uploads\/2019\/11\/5-300x171.jpg 300w, https:\/\/www.effitronix.com\/wp-content\/uploads\/2019\/11\/5-768x437.jpg 768w, https:\/\/www.effitronix.com\/wp-content\/uploads\/2019\/11\/5-848x482.jpg 848w\" sizes=\"auto, (max-width: 960px) 100vw, 960px\" \/><\/p>\n<p>Effitronix particip\u00f3 por tercer a\u00f1o consecutivo en el <a href=\"http:\/\/www.iotsworldcongress.com\/\">IoT Solutions World Congress<\/a> que se celebrar\u00f3 del 29 al 31 de octubre en Fira de Barcelona. El evento es el encuentro m\u00e1s importante del sector IoT a nivel mundial y resulta una oportunidad \u00fanica para conocer el estado actual y tendencias dentro del moundo de IoT e Industria 4.0 de la mano de empresas y personas expertas referentes en este campo.<\/p>\n<p>Effitronix fue escogida por <a href=\"http:\/\/accio.gencat.cat\/cat\">Acci\u00f3<\/a>, como empresa referente en Industria 4.0 de nuestro pa\u00eds, para formar parte del estand de la Generalitat de Catalunya. Este a\u00f1o, adem\u00e1s, el MICO24 Nano de Effitronix fue seleccionada para participar en un Elevator Pitch en el cual m\u00e1s de 50 empresas internacionales buscaban soluciones innovadoras para sus negocios.<\/p>\n<p>Durante el evento Effitronix present\u00f3 dos novedades: un <em>starter kit<\/em> para Industria 4.0 en colaboraci\u00f3n con la empresa catalana <a href=\"https:\/\/www.in2.es\/\">IN2<\/a>; y la integraci\u00f3n del <a href=\"https:\/\/www.schaeffler.es\/content.schaeffler.es\/es\/productos-y-soluciones\/industria\/portafolio-de-productos\/mecatronica\/smartcheck\/index.jsp\">Smart Check<\/a> de la multinacional alemana <a href=\"https:\/\/www.schaeffler.es\/content.schaeffler.es\/es\/index.jsp\">Shaeffler<\/a> al sistema MICO24.<\/p>\n<p><a href=\"http:\/\/www.canaltaronja.cat\/osona\/effitronix-present-tercera-vegada-iot-solutions\/\">http:\/\/www.canaltaronja.cat\/osona\/effitronix-present-tercera-vegada-iot-solutions\/<\/a><\/p>\n","protected":false},"excerpt":{"rendered":"<p>Effitronix particip\u00f3 por tercer a\u00f1o consecutivo en el IoT Solutions World Congress que se celebrar\u00f3 del 29 al 31 de octubre en Fira de Barcelona. El evento es el encuentro m\u00e1s importante del sector IoT a nivel mundial y resulta una oportunidad \u00fanica para conocer el estado actual y tendencias dentro del moundo de IoT [&hellip;]<\/p>\n","protected":false},"author":1,"featured_media":2542,"comment_status":"closed","ping_status":"closed","sticky":false,"template":"","format":"standard","meta":{"footnotes":""},"categories":[13],"tags":[],"class_list":["post-2544","post","type-post","status-publish","format-standard","has-post-thumbnail","hentry","category-noticias"],"yoast_head":"<!-- This site is optimized with the Yoast SEO plugin v27.1.1 - https:\/\/yoast.com\/product\/yoast-seo-wordpress\/ -->\n<title>Effitronix vuelve a participar en el IoT solutions world congress como referente en la industria 4.0 - Effitronix<\/title>\n<meta name=\"robots\" content=\"index, follow, max-snippet:-1, max-image-preview:large, max-video-preview:-1\" \/>\n<link rel=\"canonical\" href=\"https:\/\/www.effitronix.com\/es\/effitronix-vuelve-a-participar-en-el-iot-solutions-world-congress-como-referente-en-industria-4-0\/\" \/>\n<meta property=\"og:locale\" content=\"es_ES\" \/>\n<meta property=\"og:type\" content=\"article\" \/>\n<meta property=\"og:title\" content=\"Effitronix vuelve a participar en el IoT solutions world congress como referente en la industria 4.0 - Effitronix\" \/>\n<meta property=\"og:description\" content=\"Effitronix particip\u00f3 por tercer a\u00f1o consecutivo en el IoT Solutions World Congress que se celebrar\u00f3 del 29 al 31 de octubre en Fira de Barcelona. El evento es el encuentro m\u00e1s importante del sector IoT a nivel mundial y resulta una oportunidad \u00fanica para conocer el estado actual y tendencias dentro del moundo de IoT [&hellip;]\" \/>\n<meta property=\"og:url\" content=\"https:\/\/www.effitronix.com\/es\/effitronix-vuelve-a-participar-en-el-iot-solutions-world-congress-como-referente-en-industria-4-0\/\" \/>\n<meta property=\"og:site_name\" content=\"Effitronix\" \/>\n<meta property=\"article:published_time\" content=\"2019-11-07T14:46:44+00:00\" \/>\n<meta property=\"article:modified_time\" content=\"2020-03-16T09:38:12+00:00\" \/>\n<meta property=\"og:image\" content=\"https:\/\/www.effitronix.com\/wp-content\/uploads\/2019\/11\/5.jpg\" \/>\n\t<meta property=\"og:image:width\" content=\"960\" \/>\n\t<meta property=\"og:image:height\" content=\"546\" \/>\n\t<meta property=\"og:image:type\" content=\"image\/jpeg\" \/>\n<meta name=\"author\" content=\"zoomedia\" \/>\n<meta name=\"twitter:card\" content=\"summary_large_image\" \/>\n<meta name=\"twitter:label1\" content=\"Escrito por\" \/>\n\t<meta name=\"twitter:data1\" content=\"zoomedia\" \/>\n\t<meta name=\"twitter:label2\" content=\"Tiempo de lectura\" \/>\n\t<meta name=\"twitter:data2\" content=\"1 minuto\" \/>\n<script type=\"application\/ld+json\" class=\"yoast-schema-graph\">{\"@context\":\"https:\/\/schema.org\",\"@graph\":[{\"@type\":\"Article\",\"@id\":\"https:\/\/www.effitronix.com\/es\/effitronix-vuelve-a-participar-en-el-iot-solutions-world-congress-como-referente-en-industria-4-0\/#article\",\"isPartOf\":{\"@id\":\"https:\/\/www.effitronix.com\/es\/effitronix-vuelve-a-participar-en-el-iot-solutions-world-congress-como-referente-en-industria-4-0\/\"},\"author\":{\"name\":\"zoomedia\",\"@id\":\"https:\/\/www.effitronix.com\/es\/#\/schema\/person\/69ac2574710395b2d5a20621bf464ec5\"},\"headline\":\"Effitronix vuelve a participar en el IoT solutions world congress como referente en la industria 4.0\",\"datePublished\":\"2019-11-07T14:46:44+00:00\",\"dateModified\":\"2020-03-16T09:38:12+00:00\",\"mainEntityOfPage\":{\"@id\":\"https:\/\/www.effitronix.com\/es\/effitronix-vuelve-a-participar-en-el-iot-solutions-world-congress-como-referente-en-industria-4-0\/\"},\"wordCount\":181,\"publisher\":{\"@id\":\"https:\/\/www.effitronix.com\/es\/#organization\"},\"image\":{\"@id\":\"https:\/\/www.effitronix.com\/es\/effitronix-vuelve-a-participar-en-el-iot-solutions-world-congress-como-referente-en-industria-4-0\/#primaryimage\"},\"thumbnailUrl\":\"https:\/\/www.effitronix.com\/wp-content\/uploads\/2019\/11\/5.jpg\",\"articleSection\":[\"Noticias\"],\"inLanguage\":\"es\"},{\"@type\":\"WebPage\",\"@id\":\"https:\/\/www.effitronix.com\/es\/effitronix-vuelve-a-participar-en-el-iot-solutions-world-congress-como-referente-en-industria-4-0\/\",\"url\":\"https:\/\/www.effitronix.com\/es\/effitronix-vuelve-a-participar-en-el-iot-solutions-world-congress-como-referente-en-industria-4-0\/\",\"name\":\"Effitronix vuelve a participar en el IoT solutions world congress como referente en la industria 4.0 - Effitronix\",\"isPartOf\":{\"@id\":\"https:\/\/www.effitronix.com\/es\/#website\"},\"primaryImageOfPage\":{\"@id\":\"https:\/\/www.effitronix.com\/es\/effitronix-vuelve-a-participar-en-el-iot-solutions-world-congress-como-referente-en-industria-4-0\/#primaryimage\"},\"image\":{\"@id\":\"https:\/\/www.effitronix.com\/es\/effitronix-vuelve-a-participar-en-el-iot-solutions-world-congress-como-referente-en-industria-4-0\/#primaryimage\"},\"thumbnailUrl\":\"https:\/\/www.effitronix.com\/wp-content\/uploads\/2019\/11\/5.jpg\",\"datePublished\":\"2019-11-07T14:46:44+00:00\",\"dateModified\":\"2020-03-16T09:38:12+00:00\",\"breadcrumb\":{\"@id\":\"https:\/\/www.effitronix.com\/es\/effitronix-vuelve-a-participar-en-el-iot-solutions-world-congress-como-referente-en-industria-4-0\/#breadcrumb\"},\"inLanguage\":\"es\",\"potentialAction\":[{\"@type\":\"ReadAction\",\"target\":[\"https:\/\/www.effitronix.com\/es\/effitronix-vuelve-a-participar-en-el-iot-solutions-world-congress-como-referente-en-industria-4-0\/\"]}]},{\"@type\":\"ImageObject\",\"inLanguage\":\"es\",\"@id\":\"https:\/\/www.effitronix.com\/es\/effitronix-vuelve-a-participar-en-el-iot-solutions-world-congress-como-referente-en-industria-4-0\/#primaryimage\",\"url\":\"https:\/\/www.effitronix.com\/wp-content\/uploads\/2019\/11\/5.jpg\",\"contentUrl\":\"https:\/\/www.effitronix.com\/wp-content\/uploads\/2019\/11\/5.jpg\",\"width\":960,\"height\":546},{\"@type\":\"BreadcrumbList\",\"@id\":\"https:\/\/www.effitronix.com\/es\/effitronix-vuelve-a-participar-en-el-iot-solutions-world-congress-como-referente-en-industria-4-0\/#breadcrumb\",\"itemListElement\":[{\"@type\":\"ListItem\",\"position\":1,\"name\":\"Inici\",\"item\":\"https:\/\/www.effitronix.com\/es\/\"},{\"@type\":\"ListItem\",\"position\":2,\"name\":\"Effitronix vuelve a participar en el IoT solutions world congress como referente en la industria 4.0\"}]},{\"@type\":\"WebSite\",\"@id\":\"https:\/\/www.effitronix.com\/es\/#website\",\"url\":\"https:\/\/www.effitronix.com\/es\/\",\"name\":\"Effitronix\",\"description\":\"MICO24\",\"publisher\":{\"@id\":\"https:\/\/www.effitronix.com\/es\/#organization\"},\"potentialAction\":[{\"@type\":\"SearchAction\",\"target\":{\"@type\":\"EntryPoint\",\"urlTemplate\":\"https:\/\/www.effitronix.com\/es\/?s={search_term_string}\"},\"query-input\":{\"@type\":\"PropertyValueSpecification\",\"valueRequired\":true,\"valueName\":\"search_term_string\"}}],\"inLanguage\":\"es\"},{\"@type\":\"Organization\",\"@id\":\"https:\/\/www.effitronix.com\/es\/#organization\",\"name\":\"Effitronix\",\"url\":\"https:\/\/www.effitronix.com\/es\/\",\"logo\":{\"@type\":\"ImageObject\",\"inLanguage\":\"es\",\"@id\":\"https:\/\/www.effitronix.com\/es\/#\/schema\/logo\/image\/\",\"url\":\"https:\/\/www.effitronix.com\/wp-content\/uploads\/2019\/04\/effitronix-logo-2x.png\",\"contentUrl\":\"https:\/\/www.effitronix.com\/wp-content\/uploads\/2019\/04\/effitronix-logo-2x.png\",\"width\":580,\"height\":114,\"caption\":\"Effitronix\"},\"image\":{\"@id\":\"https:\/\/www.effitronix.com\/es\/#\/schema\/logo\/image\/\"}},{\"@type\":\"Person\",\"@id\":\"https:\/\/www.effitronix.com\/es\/#\/schema\/person\/69ac2574710395b2d5a20621bf464ec5\",\"name\":\"zoomedia\",\"url\":\"https:\/\/www.effitronix.com\/es\/author\/zoomedia\/\"}]}<\/script>\n<!-- \/ Yoast SEO plugin. -->","yoast_head_json":{"title":"Effitronix vuelve a participar en el IoT solutions world congress como referente en la industria 4.0 - Effitronix","robots":{"index":"index","follow":"follow","max-snippet":"max-snippet:-1","max-image-preview":"max-image-preview:large","max-video-preview":"max-video-preview:-1"},"canonical":"https:\/\/www.effitronix.com\/es\/effitronix-vuelve-a-participar-en-el-iot-solutions-world-congress-como-referente-en-industria-4-0\/","og_locale":"es_ES","og_type":"article","og_title":"Effitronix vuelve a participar en el IoT solutions world congress como referente en la industria 4.0 - Effitronix","og_description":"Effitronix particip\u00f3 por tercer a\u00f1o consecutivo en el IoT Solutions World Congress que se celebrar\u00f3 del 29 al 31 de octubre en Fira de Barcelona. El evento es el encuentro m\u00e1s importante del sector IoT a nivel mundial y resulta una oportunidad \u00fanica para conocer el estado actual y tendencias dentro del moundo de IoT [&hellip;]","og_url":"https:\/\/www.effitronix.com\/es\/effitronix-vuelve-a-participar-en-el-iot-solutions-world-congress-como-referente-en-industria-4-0\/","og_site_name":"Effitronix","article_published_time":"2019-11-07T14:46:44+00:00","article_modified_time":"2020-03-16T09:38:12+00:00","og_image":[{"width":960,"height":546,"url":"https:\/\/www.effitronix.com\/wp-content\/uploads\/2019\/11\/5.jpg","type":"image\/jpeg"}],"author":"zoomedia","twitter_card":"summary_large_image","twitter_misc":{"Escrito por":"zoomedia","Tiempo de lectura":"1 minuto"},"schema":{"@context":"https:\/\/schema.org","@graph":[{"@type":"Article","@id":"https:\/\/www.effitronix.com\/es\/effitronix-vuelve-a-participar-en-el-iot-solutions-world-congress-como-referente-en-industria-4-0\/#article","isPartOf":{"@id":"https:\/\/www.effitronix.com\/es\/effitronix-vuelve-a-participar-en-el-iot-solutions-world-congress-como-referente-en-industria-4-0\/"},"author":{"name":"zoomedia","@id":"https:\/\/www.effitronix.com\/es\/#\/schema\/person\/69ac2574710395b2d5a20621bf464ec5"},"headline":"Effitronix vuelve a participar en el IoT solutions world congress como referente en la industria 4.0","datePublished":"2019-11-07T14:46:44+00:00","dateModified":"2020-03-16T09:38:12+00:00","mainEntityOfPage":{"@id":"https:\/\/www.effitronix.com\/es\/effitronix-vuelve-a-participar-en-el-iot-solutions-world-congress-como-referente-en-industria-4-0\/"},"wordCount":181,"publisher":{"@id":"https:\/\/www.effitronix.com\/es\/#organization"},"image":{"@id":"https:\/\/www.effitronix.com\/es\/effitronix-vuelve-a-participar-en-el-iot-solutions-world-congress-como-referente-en-industria-4-0\/#primaryimage"},"thumbnailUrl":"https:\/\/www.effitronix.com\/wp-content\/uploads\/2019\/11\/5.jpg","articleSection":["Noticias"],"inLanguage":"es"},{"@type":"WebPage","@id":"https:\/\/www.effitronix.com\/es\/effitronix-vuelve-a-participar-en-el-iot-solutions-world-congress-como-referente-en-industria-4-0\/","url":"https:\/\/www.effitronix.com\/es\/effitronix-vuelve-a-participar-en-el-iot-solutions-world-congress-como-referente-en-industria-4-0\/","name":"Effitronix vuelve a participar en el IoT solutions world congress como referente en la industria 4.0 - Effitronix","isPartOf":{"@id":"https:\/\/www.effitronix.com\/es\/#website"},"primaryImageOfPage":{"@id":"https:\/\/www.effitronix.com\/es\/effitronix-vuelve-a-participar-en-el-iot-solutions-world-congress-como-referente-en-industria-4-0\/#primaryimage"},"image":{"@id":"https:\/\/www.effitronix.com\/es\/effitronix-vuelve-a-participar-en-el-iot-solutions-world-congress-como-referente-en-industria-4-0\/#primaryimage"},"thumbnailUrl":"https:\/\/www.effitronix.com\/wp-content\/uploads\/2019\/11\/5.jpg","datePublished":"2019-11-07T14:46:44+00:00","dateModified":"2020-03-16T09:38:12+00:00","breadcrumb":{"@id":"https:\/\/www.effitronix.com\/es\/effitronix-vuelve-a-participar-en-el-iot-solutions-world-congress-como-referente-en-industria-4-0\/#breadcrumb"},"inLanguage":"es","potentialAction":[{"@type":"ReadAction","target":["https:\/\/www.effitronix.com\/es\/effitronix-vuelve-a-participar-en-el-iot-solutions-world-congress-como-referente-en-industria-4-0\/"]}]},{"@type":"ImageObject","inLanguage":"es","@id":"https:\/\/www.effitronix.com\/es\/effitronix-vuelve-a-participar-en-el-iot-solutions-world-congress-como-referente-en-industria-4-0\/#primaryimage","url":"https:\/\/www.effitronix.com\/wp-content\/uploads\/2019\/11\/5.jpg","contentUrl":"https:\/\/www.effitronix.com\/wp-content\/uploads\/2019\/11\/5.jpg","width":960,"height":546},{"@type":"BreadcrumbList","@id":"https:\/\/www.effitronix.com\/es\/effitronix-vuelve-a-participar-en-el-iot-solutions-world-congress-como-referente-en-industria-4-0\/#breadcrumb","itemListElement":[{"@type":"ListItem","position":1,"name":"Inici","item":"https:\/\/www.effitronix.com\/es\/"},{"@type":"ListItem","position":2,"name":"Effitronix vuelve a participar en el IoT solutions world congress como referente en la industria 4.0"}]},{"@type":"WebSite","@id":"https:\/\/www.effitronix.com\/es\/#website","url":"https:\/\/www.effitronix.com\/es\/","name":"Effitronix","description":"MICO24","publisher":{"@id":"https:\/\/www.effitronix.com\/es\/#organization"},"potentialAction":[{"@type":"SearchAction","target":{"@type":"EntryPoint","urlTemplate":"https:\/\/www.effitronix.com\/es\/?s={search_term_string}"},"query-input":{"@type":"PropertyValueSpecification","valueRequired":true,"valueName":"search_term_string"}}],"inLanguage":"es"},{"@type":"Organization","@id":"https:\/\/www.effitronix.com\/es\/#organization","name":"Effitronix","url":"https:\/\/www.effitronix.com\/es\/","logo":{"@type":"ImageObject","inLanguage":"es","@id":"https:\/\/www.effitronix.com\/es\/#\/schema\/logo\/image\/","url":"https:\/\/www.effitronix.com\/wp-content\/uploads\/2019\/04\/effitronix-logo-2x.png","contentUrl":"https:\/\/www.effitronix.com\/wp-content\/uploads\/2019\/04\/effitronix-logo-2x.png","width":580,"height":114,"caption":"Effitronix"},"image":{"@id":"https:\/\/www.effitronix.com\/es\/#\/schema\/logo\/image\/"}},{"@type":"Person","@id":"https:\/\/www.effitronix.com\/es\/#\/schema\/person\/69ac2574710395b2d5a20621bf464ec5","name":"zoomedia","url":"https:\/\/www.effitronix.com\/es\/author\/zoomedia\/"}]}},"_links":{"self":[{"href":"https:\/\/www.effitronix.com\/es\/wp-json\/wp\/v2\/posts\/2544","targetHints":{"allow":["GET"]}}],"collection":[{"href":"https:\/\/www.effitronix.com\/es\/wp-json\/wp\/v2\/posts"}],"about":[{"href":"https:\/\/www.effitronix.com\/es\/wp-json\/wp\/v2\/types\/post"}],"author":[{"embeddable":true,"href":"https:\/\/www.effitronix.com\/es\/wp-json\/wp\/v2\/users\/1"}],"replies":[{"embeddable":true,"href":"https:\/\/www.effitronix.com\/es\/wp-json\/wp\/v2\/comments?post=2544"}],"version-history":[{"count":2,"href":"https:\/\/www.effitronix.com\/es\/wp-json\/wp\/v2\/posts\/2544\/revisions"}],"predecessor-version":[{"id":2684,"href":"https:\/\/www.effitronix.com\/es\/wp-json\/wp\/v2\/posts\/2544\/revisions\/2684"}],"wp:featuredmedia":[{"embeddable":true,"href":"https:\/\/www.effitronix.com\/es\/wp-json\/wp\/v2\/media\/2542"}],"wp:attachment":[{"href":"https:\/\/www.effitronix.com\/es\/wp-json\/wp\/v2\/media?parent=2544"}],"wp:term":[{"taxonomy":"category","embeddable":true,"href":"https:\/\/www.effitronix.com\/es\/wp-json\/wp\/v2\/categories?post=2544"},{"taxonomy":"post_tag","embeddable":true,"href":"https:\/\/www.effitronix.com\/es\/wp-json\/wp\/v2\/tags?post=2544"}],"curies":[{"name":"wp","href":"https:\/\/api.w.org\/{rel}","templated":true}]}}