{"id":854,"date":"2015-09-25T09:51:09","date_gmt":"2015-09-25T07:56:16","guid":{"rendered":"http:\/\/www.effitronix.com\/bloc\/?p=854"},"modified":"2021-07-19T11:07:58","modified_gmt":"2021-07-19T09:07:58","slug":"effitronix-y-la-industria-4-0-son-noticia-en-la-vanguardia","status":"publish","type":"post","link":"https:\/\/www.effitronix.com\/es\/effitronix-y-la-industria-4-0-son-noticia-en-la-vanguardia\/","title":{"rendered":"Effitronix y la Industria 4.0 son noticia en la Vanguardia"},"content":{"rendered":"<p><a href=\"https:\/\/www.effitronix.com\/wp-content\/uploads\/2015\/09\/Effitronix-LaVanguardiab.jpg\" class=\"image-link\"><img loading=\"lazy\" decoding=\"async\" class=\"alignnone size-full wp-image-1983\" src=\"https:\/\/www.effitronix.com\/wp-content\/uploads\/2015\/09\/Effitronix-LaVanguardiab.jpg\" alt=\"\" width=\"1079\" height=\"1051\" srcset=\"https:\/\/www.effitronix.com\/wp-content\/uploads\/2015\/09\/Effitronix-LaVanguardiab.jpg 1079w, https:\/\/www.effitronix.com\/wp-content\/uploads\/2015\/09\/Effitronix-LaVanguardiab-300x292.jpg 300w, https:\/\/www.effitronix.com\/wp-content\/uploads\/2015\/09\/Effitronix-LaVanguardiab-768x748.jpg 768w, https:\/\/www.effitronix.com\/wp-content\/uploads\/2015\/09\/Effitronix-LaVanguardiab-848x826.jpg 848w\" sizes=\"auto, (max-width: 1079px) 100vw, 1079px\" \/><\/a><\/p>\n<p>En el apartado de ideas y debates del magazine de la Vanguardia del domingo 13 de septiembre, el Sr. Miquel Darn\u00e8s, Decano de Enginyers BCN, expone los nuevos paradigmas en la industria.<\/p>\n<p>Comenta que: \u201csi queremos continuar teniendo una Catalu\u00f1a industrial, no es suficiente con continuar produciendo como hasta ahora. Hace falta apostar y abrirse a nuevos paradigmas como la Industria 4.0, tambi\u00e9n conocida como cuarta revoluci\u00f3n industrial\u201d. I que \u201cLa Industria 4.0 puede ser un factor determinante para la mejora de la productividad basada en la optimizaci\u00f3n de los procesos de fabricaci\u00f3n.\u201d<\/p>\n<p>En el art\u00edculo habla de Effitronix, como ejemplo de una empresa de industria 4.0, que produce productos enfocados a la cuarta revoluci\u00f3n industrial, puesto que ha desarrollado el MICO24, un sistema de monitorizaci\u00f3n en tiempo real basado en el mantenimiento predictivo y que avisa de posibles aver\u00edas antes que se produzcan. <\/p>\n","protected":false},"excerpt":{"rendered":"<p>En el apartado de ideas y debates del magazine de la Vanguardia del domingo 13 de septiembre, el Sr. Miquel Darn\u00e8s, Decano de Enginyers BCN, expone los nuevos paradigmas en la industria. Comenta que: \u201csi queremos continuar teniendo una Catalu\u00f1a industrial, no es suficiente con continuar produciendo como hasta ahora. Hace falta apostar y abrirse [&hellip;]<\/p>\n","protected":false},"author":1,"featured_media":0,"comment_status":"closed","ping_status":"closed","sticky":false,"template":"","format":"standard","meta":{"footnotes":""},"categories":[17,13],"tags":[],"class_list":["post-854","post","type-post","status-publish","format-standard","hentry","category-industria-4-0-es","category-noticias"],"yoast_head":"<!-- This site is optimized with the Yoast SEO plugin v27.1.1 - https:\/\/yoast.com\/product\/yoast-seo-wordpress\/ -->\n<title>Effitronix y la Industria 4.0 son noticia en la Vanguardia - Effitronix<\/title>\n<meta name=\"robots\" content=\"index, follow, max-snippet:-1, max-image-preview:large, max-video-preview:-1\" \/>\n<link rel=\"canonical\" href=\"https:\/\/www.effitronix.com\/es\/effitronix-y-la-industria-4-0-son-noticia-en-la-vanguardia\/\" \/>\n<meta property=\"og:locale\" content=\"es_ES\" \/>\n<meta property=\"og:type\" content=\"article\" \/>\n<meta property=\"og:title\" content=\"Effitronix y la Industria 4.0 son noticia en la Vanguardia - Effitronix\" \/>\n<meta property=\"og:description\" content=\"En el apartado de ideas y debates del magazine de la Vanguardia del domingo 13 de septiembre, el Sr. Miquel Darn\u00e8s, Decano de Enginyers BCN, expone los nuevos paradigmas en la industria. Comenta que: \u201csi queremos continuar teniendo una Catalu\u00f1a industrial, no es suficiente con continuar produciendo como hasta ahora. Hace falta apostar y abrirse [&hellip;]\" \/>\n<meta property=\"og:url\" content=\"https:\/\/www.effitronix.com\/es\/effitronix-y-la-industria-4-0-son-noticia-en-la-vanguardia\/\" \/>\n<meta property=\"og:site_name\" content=\"Effitronix\" \/>\n<meta property=\"article:published_time\" content=\"2015-09-25T07:56:16+00:00\" \/>\n<meta property=\"article:modified_time\" content=\"2021-07-19T09:07:58+00:00\" \/>\n<meta property=\"og:image\" content=\"https:\/\/www.effitronix.com\/wp-content\/uploads\/2015\/09\/Effitronix-LaVanguardiab.jpg\" \/>\n<meta name=\"author\" content=\"zoomedia\" \/>\n<meta name=\"twitter:card\" content=\"summary_large_image\" \/>\n<meta name=\"twitter:label1\" content=\"Escrito por\" \/>\n\t<meta name=\"twitter:data1\" content=\"zoomedia\" \/>\n\t<meta name=\"twitter:label2\" content=\"Tiempo de lectura\" \/>\n\t<meta name=\"twitter:data2\" content=\"1 minuto\" \/>\n<script type=\"application\/ld+json\" class=\"yoast-schema-graph\">{\"@context\":\"https:\/\/schema.org\",\"@graph\":[{\"@type\":\"Article\",\"@id\":\"https:\/\/www.effitronix.com\/es\/effitronix-y-la-industria-4-0-son-noticia-en-la-vanguardia\/#article\",\"isPartOf\":{\"@id\":\"https:\/\/www.effitronix.com\/es\/effitronix-y-la-industria-4-0-son-noticia-en-la-vanguardia\/\"},\"author\":{\"name\":\"zoomedia\",\"@id\":\"https:\/\/www.effitronix.com\/es\/#\/schema\/person\/69ac2574710395b2d5a20621bf464ec5\"},\"headline\":\"Effitronix y la Industria 4.0 son noticia en la Vanguardia\",\"datePublished\":\"2015-09-25T07:56:16+00:00\",\"dateModified\":\"2021-07-19T09:07:58+00:00\",\"mainEntityOfPage\":{\"@id\":\"https:\/\/www.effitronix.com\/es\/effitronix-y-la-industria-4-0-son-noticia-en-la-vanguardia\/\"},\"wordCount\":159,\"publisher\":{\"@id\":\"https:\/\/www.effitronix.com\/es\/#organization\"},\"image\":{\"@id\":\"https:\/\/www.effitronix.com\/es\/effitronix-y-la-industria-4-0-son-noticia-en-la-vanguardia\/#primaryimage\"},\"thumbnailUrl\":\"https:\/\/www.effitronix.com\/wp-content\/uploads\/2015\/09\/Effitronix-LaVanguardiab.jpg\",\"articleSection\":[\"Industria 4.0\",\"Noticias\"],\"inLanguage\":\"es\"},{\"@type\":\"WebPage\",\"@id\":\"https:\/\/www.effitronix.com\/es\/effitronix-y-la-industria-4-0-son-noticia-en-la-vanguardia\/\",\"url\":\"https:\/\/www.effitronix.com\/es\/effitronix-y-la-industria-4-0-son-noticia-en-la-vanguardia\/\",\"name\":\"Effitronix y la Industria 4.0 son noticia en la Vanguardia - Effitronix\",\"isPartOf\":{\"@id\":\"https:\/\/www.effitronix.com\/es\/#website\"},\"primaryImageOfPage\":{\"@id\":\"https:\/\/www.effitronix.com\/es\/effitronix-y-la-industria-4-0-son-noticia-en-la-vanguardia\/#primaryimage\"},\"image\":{\"@id\":\"https:\/\/www.effitronix.com\/es\/effitronix-y-la-industria-4-0-son-noticia-en-la-vanguardia\/#primaryimage\"},\"thumbnailUrl\":\"https:\/\/www.effitronix.com\/wp-content\/uploads\/2015\/09\/Effitronix-LaVanguardiab.jpg\",\"datePublished\":\"2015-09-25T07:56:16+00:00\",\"dateModified\":\"2021-07-19T09:07:58+00:00\",\"breadcrumb\":{\"@id\":\"https:\/\/www.effitronix.com\/es\/effitronix-y-la-industria-4-0-son-noticia-en-la-vanguardia\/#breadcrumb\"},\"inLanguage\":\"es\",\"potentialAction\":[{\"@type\":\"ReadAction\",\"target\":[\"https:\/\/www.effitronix.com\/es\/effitronix-y-la-industria-4-0-son-noticia-en-la-vanguardia\/\"]}]},{\"@type\":\"ImageObject\",\"inLanguage\":\"es\",\"@id\":\"https:\/\/www.effitronix.com\/es\/effitronix-y-la-industria-4-0-son-noticia-en-la-vanguardia\/#primaryimage\",\"url\":\"https:\/\/www.effitronix.com\/wp-content\/uploads\/2015\/09\/Effitronix-LaVanguardiab.jpg\",\"contentUrl\":\"https:\/\/www.effitronix.com\/wp-content\/uploads\/2015\/09\/Effitronix-LaVanguardiab.jpg\"},{\"@type\":\"BreadcrumbList\",\"@id\":\"https:\/\/www.effitronix.com\/es\/effitronix-y-la-industria-4-0-son-noticia-en-la-vanguardia\/#breadcrumb\",\"itemListElement\":[{\"@type\":\"ListItem\",\"position\":1,\"name\":\"Inici\",\"item\":\"https:\/\/www.effitronix.com\/es\/\"},{\"@type\":\"ListItem\",\"position\":2,\"name\":\"Effitronix y la Industria 4.0 son noticia en la Vanguardia\"}]},{\"@type\":\"WebSite\",\"@id\":\"https:\/\/www.effitronix.com\/es\/#website\",\"url\":\"https:\/\/www.effitronix.com\/es\/\",\"name\":\"Effitronix\",\"description\":\"MICO24\",\"publisher\":{\"@id\":\"https:\/\/www.effitronix.com\/es\/#organization\"},\"potentialAction\":[{\"@type\":\"SearchAction\",\"target\":{\"@type\":\"EntryPoint\",\"urlTemplate\":\"https:\/\/www.effitronix.com\/es\/?s={search_term_string}\"},\"query-input\":{\"@type\":\"PropertyValueSpecification\",\"valueRequired\":true,\"valueName\":\"search_term_string\"}}],\"inLanguage\":\"es\"},{\"@type\":\"Organization\",\"@id\":\"https:\/\/www.effitronix.com\/es\/#organization\",\"name\":\"Effitronix\",\"url\":\"https:\/\/www.effitronix.com\/es\/\",\"logo\":{\"@type\":\"ImageObject\",\"inLanguage\":\"es\",\"@id\":\"https:\/\/www.effitronix.com\/es\/#\/schema\/logo\/image\/\",\"url\":\"https:\/\/www.effitronix.com\/wp-content\/uploads\/2019\/04\/effitronix-logo-2x.png\",\"contentUrl\":\"https:\/\/www.effitronix.com\/wp-content\/uploads\/2019\/04\/effitronix-logo-2x.png\",\"width\":580,\"height\":114,\"caption\":\"Effitronix\"},\"image\":{\"@id\":\"https:\/\/www.effitronix.com\/es\/#\/schema\/logo\/image\/\"}},{\"@type\":\"Person\",\"@id\":\"https:\/\/www.effitronix.com\/es\/#\/schema\/person\/69ac2574710395b2d5a20621bf464ec5\",\"name\":\"zoomedia\",\"url\":\"https:\/\/www.effitronix.com\/es\/author\/zoomedia\/\"}]}<\/script>\n<!-- \/ Yoast SEO plugin. -->","yoast_head_json":{"title":"Effitronix y la Industria 4.0 son noticia en la Vanguardia - Effitronix","robots":{"index":"index","follow":"follow","max-snippet":"max-snippet:-1","max-image-preview":"max-image-preview:large","max-video-preview":"max-video-preview:-1"},"canonical":"https:\/\/www.effitronix.com\/es\/effitronix-y-la-industria-4-0-son-noticia-en-la-vanguardia\/","og_locale":"es_ES","og_type":"article","og_title":"Effitronix y la Industria 4.0 son noticia en la Vanguardia - Effitronix","og_description":"En el apartado de ideas y debates del magazine de la Vanguardia del domingo 13 de septiembre, el Sr. Miquel Darn\u00e8s, Decano de Enginyers BCN, expone los nuevos paradigmas en la industria. Comenta que: \u201csi queremos continuar teniendo una Catalu\u00f1a industrial, no es suficiente con continuar produciendo como hasta ahora. Hace falta apostar y abrirse [&hellip;]","og_url":"https:\/\/www.effitronix.com\/es\/effitronix-y-la-industria-4-0-son-noticia-en-la-vanguardia\/","og_site_name":"Effitronix","article_published_time":"2015-09-25T07:56:16+00:00","article_modified_time":"2021-07-19T09:07:58+00:00","og_image":[{"url":"https:\/\/www.effitronix.com\/wp-content\/uploads\/2015\/09\/Effitronix-LaVanguardiab.jpg","type":"","width":"","height":""}],"author":"zoomedia","twitter_card":"summary_large_image","twitter_misc":{"Escrito por":"zoomedia","Tiempo de lectura":"1 minuto"},"schema":{"@context":"https:\/\/schema.org","@graph":[{"@type":"Article","@id":"https:\/\/www.effitronix.com\/es\/effitronix-y-la-industria-4-0-son-noticia-en-la-vanguardia\/#article","isPartOf":{"@id":"https:\/\/www.effitronix.com\/es\/effitronix-y-la-industria-4-0-son-noticia-en-la-vanguardia\/"},"author":{"name":"zoomedia","@id":"https:\/\/www.effitronix.com\/es\/#\/schema\/person\/69ac2574710395b2d5a20621bf464ec5"},"headline":"Effitronix y la Industria 4.0 son noticia en la Vanguardia","datePublished":"2015-09-25T07:56:16+00:00","dateModified":"2021-07-19T09:07:58+00:00","mainEntityOfPage":{"@id":"https:\/\/www.effitronix.com\/es\/effitronix-y-la-industria-4-0-son-noticia-en-la-vanguardia\/"},"wordCount":159,"publisher":{"@id":"https:\/\/www.effitronix.com\/es\/#organization"},"image":{"@id":"https:\/\/www.effitronix.com\/es\/effitronix-y-la-industria-4-0-son-noticia-en-la-vanguardia\/#primaryimage"},"thumbnailUrl":"https:\/\/www.effitronix.com\/wp-content\/uploads\/2015\/09\/Effitronix-LaVanguardiab.jpg","articleSection":["Industria 4.0","Noticias"],"inLanguage":"es"},{"@type":"WebPage","@id":"https:\/\/www.effitronix.com\/es\/effitronix-y-la-industria-4-0-son-noticia-en-la-vanguardia\/","url":"https:\/\/www.effitronix.com\/es\/effitronix-y-la-industria-4-0-son-noticia-en-la-vanguardia\/","name":"Effitronix y la Industria 4.0 son noticia en la Vanguardia - Effitronix","isPartOf":{"@id":"https:\/\/www.effitronix.com\/es\/#website"},"primaryImageOfPage":{"@id":"https:\/\/www.effitronix.com\/es\/effitronix-y-la-industria-4-0-son-noticia-en-la-vanguardia\/#primaryimage"},"image":{"@id":"https:\/\/www.effitronix.com\/es\/effitronix-y-la-industria-4-0-son-noticia-en-la-vanguardia\/#primaryimage"},"thumbnailUrl":"https:\/\/www.effitronix.com\/wp-content\/uploads\/2015\/09\/Effitronix-LaVanguardiab.jpg","datePublished":"2015-09-25T07:56:16+00:00","dateModified":"2021-07-19T09:07:58+00:00","breadcrumb":{"@id":"https:\/\/www.effitronix.com\/es\/effitronix-y-la-industria-4-0-son-noticia-en-la-vanguardia\/#breadcrumb"},"inLanguage":"es","potentialAction":[{"@type":"ReadAction","target":["https:\/\/www.effitronix.com\/es\/effitronix-y-la-industria-4-0-son-noticia-en-la-vanguardia\/"]}]},{"@type":"ImageObject","inLanguage":"es","@id":"https:\/\/www.effitronix.com\/es\/effitronix-y-la-industria-4-0-son-noticia-en-la-vanguardia\/#primaryimage","url":"https:\/\/www.effitronix.com\/wp-content\/uploads\/2015\/09\/Effitronix-LaVanguardiab.jpg","contentUrl":"https:\/\/www.effitronix.com\/wp-content\/uploads\/2015\/09\/Effitronix-LaVanguardiab.jpg"},{"@type":"BreadcrumbList","@id":"https:\/\/www.effitronix.com\/es\/effitronix-y-la-industria-4-0-son-noticia-en-la-vanguardia\/#breadcrumb","itemListElement":[{"@type":"ListItem","position":1,"name":"Inici","item":"https:\/\/www.effitronix.com\/es\/"},{"@type":"ListItem","position":2,"name":"Effitronix y la Industria 4.0 son noticia en la Vanguardia"}]},{"@type":"WebSite","@id":"https:\/\/www.effitronix.com\/es\/#website","url":"https:\/\/www.effitronix.com\/es\/","name":"Effitronix","description":"MICO24","publisher":{"@id":"https:\/\/www.effitronix.com\/es\/#organization"},"potentialAction":[{"@type":"SearchAction","target":{"@type":"EntryPoint","urlTemplate":"https:\/\/www.effitronix.com\/es\/?s={search_term_string}"},"query-input":{"@type":"PropertyValueSpecification","valueRequired":true,"valueName":"search_term_string"}}],"inLanguage":"es"},{"@type":"Organization","@id":"https:\/\/www.effitronix.com\/es\/#organization","name":"Effitronix","url":"https:\/\/www.effitronix.com\/es\/","logo":{"@type":"ImageObject","inLanguage":"es","@id":"https:\/\/www.effitronix.com\/es\/#\/schema\/logo\/image\/","url":"https:\/\/www.effitronix.com\/wp-content\/uploads\/2019\/04\/effitronix-logo-2x.png","contentUrl":"https:\/\/www.effitronix.com\/wp-content\/uploads\/2019\/04\/effitronix-logo-2x.png","width":580,"height":114,"caption":"Effitronix"},"image":{"@id":"https:\/\/www.effitronix.com\/es\/#\/schema\/logo\/image\/"}},{"@type":"Person","@id":"https:\/\/www.effitronix.com\/es\/#\/schema\/person\/69ac2574710395b2d5a20621bf464ec5","name":"zoomedia","url":"https:\/\/www.effitronix.com\/es\/author\/zoomedia\/"}]}},"_links":{"self":[{"href":"https:\/\/www.effitronix.com\/es\/wp-json\/wp\/v2\/posts\/854","targetHints":{"allow":["GET"]}}],"collection":[{"href":"https:\/\/www.effitronix.com\/es\/wp-json\/wp\/v2\/posts"}],"about":[{"href":"https:\/\/www.effitronix.com\/es\/wp-json\/wp\/v2\/types\/post"}],"author":[{"embeddable":true,"href":"https:\/\/www.effitronix.com\/es\/wp-json\/wp\/v2\/users\/1"}],"replies":[{"embeddable":true,"href":"https:\/\/www.effitronix.com\/es\/wp-json\/wp\/v2\/comments?post=854"}],"version-history":[{"count":3,"href":"https:\/\/www.effitronix.com\/es\/wp-json\/wp\/v2\/posts\/854\/revisions"}],"predecessor-version":[{"id":2801,"href":"https:\/\/www.effitronix.com\/es\/wp-json\/wp\/v2\/posts\/854\/revisions\/2801"}],"wp:attachment":[{"href":"https:\/\/www.effitronix.com\/es\/wp-json\/wp\/v2\/media?parent=854"}],"wp:term":[{"taxonomy":"category","embeddable":true,"href":"https:\/\/www.effitronix.com\/es\/wp-json\/wp\/v2\/categories?post=854"},{"taxonomy":"post_tag","embeddable":true,"href":"https:\/\/www.effitronix.com\/es\/wp-json\/wp\/v2\/tags?post=854"}],"curies":[{"name":"wp","href":"https:\/\/api.w.org\/{rel}","templated":true}]}}